{"id":17521,"__str__":"Projeto de Lei Complementar n\u00ba 1297 de 2023","link_detail_backend":"/materia/17521","metadata":{},"numero":1297,"ano":2023,"numero_protocolo":null,"data_apresentacao":"2023-10-09","tipo_apresentacao":"E","data_publicacao":null,"numero_origem_externa":"","ano_origem_externa":null,"data_origem_externa":null,"apelido":"","dias_prazo":null,"data_fim_prazo":null,"em_tramitacao":false,"polemica":false,"objeto":"","complementar":true,"ementa":"Altera e acrescenta dispositivos \u00e0 Lei Complementar n\u00b0 936, de 23 de Mar\u00e7o de 2023, que disp\u00f5e sobre a cria\u00e7\u00e3o do Programa Mais Educa\u00e7\u00e3o Infantil-Porto Velho, com o principal objetivo de atender demanda de vagas da Educa\u00e7\u00e3o Infantil n\u00e3o suprida na Rede Municipal de Ensino, e d\u00e1 outras provid\u00eancias.","indexacao":"","observacao":"","resultado":"","texto_original":"http://sapl.portovelho.ro.leg.br/media/sapl/public/materialegislativa/2023/17521/ccf09102023.pdf","data_ultima_atualizacao":"2024-01-11T10:37:35.443057-03:00","ip":"177.221.58.202","ultima_edicao":"2023-10-09T14:21:10.005339-03:00","tipo":12,"regime_tramitacao":1,"tipo_origem_externa":null,"local_origem_externa":null,"user":1,"anexadas":[],"autores":[39]}