{"id":20010,"__str__":"Mo\u00e7\u00e3o n\u00ba 22 de 2024","link_detail_backend":"/materia/20010","metadata":{},"numero":22,"ano":2024,"numero_protocolo":null,"data_apresentacao":"2024-07-28","tipo_apresentacao":"E","data_publicacao":null,"numero_origem_externa":"","ano_origem_externa":null,"data_origem_externa":null,"apelido":"","dias_prazo":null,"data_fim_prazo":null,"em_tramitacao":true,"polemica":false,"objeto":"","complementar":false,"ementa":"O Vereador EDWILSON NEGREIROS, que este subscreve, requer \u00e0 Mesa Diretora, nos moldes do art. 133, \u00a7 1\u00ba, c/c art. 128, inciso II, al\u00ednea \u201ca\u201d, da Resolu\u00e7\u00e3o n\u00ba 254/CMPV- 91, Regimento Interno/CMPV, \u201cMO\u00c7\u00c3O DE APLAUSO\u201d para a EDUCA\u00c7\u00c3O P\u00daBLICA\r\nDE PORTO VELHO \u2013 SEMED (lista em anexo), a qual o ensino ficou entre as cinco\r\nprimeiras coloca\u00e7\u00f5es das capitais brasileiras em alfabetiza\u00e7\u00e3o na idade certa, no Ranking\r\nNacional. O reconhecimento dar-se aos professores, coordenadores, gestores e toda\r\ndedica\u00e7\u00e3o dos servidores t\u00e9cnicos na Secretaria de Educa\u00e7\u00e3o os relevantes servi\u00e7os\r\nprestados no exerc\u00edcio de suas atividades profissionais e a valoriza\u00e7\u00e3o pelo empenho\r\npara promover uma educa\u00e7\u00e3o p\u00fablica de qualidade a popula\u00e7\u00e3o do Munic\u00edpio de Porto\r\nVelho.","indexacao":"","observacao":"","resultado":"","texto_original":"http://sapl.portovelho.ro.leg.br/media/sapl/public/materialegislativa/2024/20010/mocao_de_aplauso_no_022.gvedwn.cmpv.2024.pdf","data_ultima_atualizacao":"2024-07-01T14:49:27.851237-03:00","ip":"187.27.144.230","ultima_edicao":"2024-07-01T14:46:32.205028-03:00","tipo":4,"regime_tramitacao":1,"tipo_origem_externa":null,"local_origem_externa":null,"user":84,"anexadas":[],"autores":[1]}