{"id":22801,"__str__":"Veto n\u00ba 383 de 2025","link_detail_backend":"/materia/22801","metadata":{},"numero":383,"ano":2025,"numero_protocolo":null,"data_apresentacao":"2025-05-05","tipo_apresentacao":"E","data_publicacao":null,"numero_origem_externa":"","ano_origem_externa":null,"data_origem_externa":null,"apelido":"","dias_prazo":null,"data_fim_prazo":null,"em_tramitacao":true,"polemica":false,"objeto":"","complementar":false,"ementa":"VETAR INTEGRALMENTE POR INCONSTITUCIONALIDADE FORMAL o Projeto de Lei n\u00ba 4744/2025 que \u201cdisp\u00f5e sobre a reserva de vagas em cursos de Capacita\u00e7\u00e3o e inclus\u00e3o produtiva organizados no \u00e2mbito do munic\u00edpio de Porto Velho para pessoas e fam\u00edlias acompanhadas pelo Servi\u00e7o PAEFI e benefici\u00e1rias do Programa Bolsa Fam\u00edlia, e d\u00e1 outras provid\u00eancias\u201d","indexacao":"","observacao":"","resultado":"","texto_original":"http://sapl.portovelho.ro.leg.br/media/sapl/public/materialegislativa/2025/22801/mensagemnai0282025vetointegralplnai47442025proc.0060000015167_202563e.docxdocumentosgoogle.pdf","data_ultima_atualizacao":"2025-05-07T12:01:50.503815-03:00","ip":"177.221.58.205","ultima_edicao":"2025-05-07T11:59:28.566439-03:00","tipo":14,"regime_tramitacao":1,"tipo_origem_externa":null,"local_origem_externa":null,"user":86,"anexadas":[20436],"autores":[103]}