{"id":454,"__str__":"Projeto de Lei Complementar n\u00ba 790 de 2015","link_detail_backend":"/materia/454","metadata":{},"numero":790,"ano":2015,"numero_protocolo":null,"data_apresentacao":"2015-07-08","tipo_apresentacao":"E","data_publicacao":null,"numero_origem_externa":"","ano_origem_externa":null,"data_origem_externa":null,"apelido":"","dias_prazo":null,"data_fim_prazo":null,"em_tramitacao":false,"polemica":false,"objeto":"","complementar":true,"ementa":"\"Disp\u00f5e sobre obrigatoriedade do uso de uniforme pelos servidores municipais ocupantes dos cargos de agente comunit\u00e1rio de sa\u00fade e agente de combate \u00e0s endemias, bem como autoriza\u00e7\u00e3o do Poder Executivo para cria\u00e7\u00e3o de aux\u00edlio-fardamento para os referidos servidores.\"","indexacao":"","observacao":"Projeto de Lei Complementar n\u00ba 790/2015\r\nAutoria (Parlamentar): Ver. Ellis Regina\r\nLei Complementar n\u00ba 602/2016, de 31/03/2016","resultado":"","texto_original":"http://sapl.portovelho.ro.leg.br/media/sapl/public/materialegislativa/2015/454/projeto_de_lei_compl._no_790-2015.pdf","data_ultima_atualizacao":"2020-02-17T17:21:52.751582-03:00","ip":"177.221.58.204","ultima_edicao":null,"tipo":12,"regime_tramitacao":1,"tipo_origem_externa":null,"local_origem_externa":null,"user":13,"anexadas":[],"autores":[10]}