{"id":9251,"__str__":"Projeto de Lei n\u00ba 3117 de 2014","link_detail_backend":"/materia/9251","metadata":{},"numero":3117,"ano":2014,"numero_protocolo":null,"data_apresentacao":"2014-04-28","tipo_apresentacao":"E","data_publicacao":null,"numero_origem_externa":"","ano_origem_externa":null,"data_origem_externa":null,"apelido":"","dias_prazo":null,"data_fim_prazo":null,"em_tramitacao":false,"polemica":false,"objeto":"","complementar":false,"ementa":"Disp\u00f5e sobre a implanta\u00e7\u00e3o de tratamento contra depress\u00e3o infantil e na adolesc\u00eancia nas Unidades B\u00e1sicas de Sa\u00fade  -  \"UBS\".","indexacao":"","observacao":"Projeto de lei  n\u00b03117 / 2014 , de 28 de abril de 2014.\r\nAutoria : Jos\u00e9 Iracy Mac\u00e1rio Barros -  Vereador .","resultado":"","texto_original":"http://sapl.portovelho.ro.leg.br/media/sapl/public/materialegislativa/2014/9251/projeto_lei_n__3117-_2014.pdf","data_ultima_atualizacao":"2022-06-06T14:52:48.956266-03:00","ip":"177.221.58.202","ultima_edicao":"2022-06-06T14:46:00.356475-03:00","tipo":5,"regime_tramitacao":1,"tipo_origem_externa":null,"local_origem_externa":null,"user":80,"anexadas":[],"autores":[77]}