{"id":14919,"__str__":"Veto n\u00ba 284 de 2023 | Mat\u00e9ria com parecer da comiss\u00e3o | 25/08/2023","link_detail_backend":"/materia/tramitacao/14919","metadata":{},"timestamp":"2023-08-25T12:17:17.121669-03:00","data_tramitacao":"2023-08-25","data_encaminhamento":null,"urgente":false,"turno":"","texto":"A Ger\u00eancia das comiss\u00f5es para as provid\u00eancias regimentais.","data_fim_prazo":null,"ip":"177.221.58.202","ultima_edicao":"2023-08-25T12:16:38.331284-03:00","status":65,"materia":15659,"unidade_tramitacao_local":43,"unidade_tramitacao_destino":71,"user":9}