{"id":15298,"__str__":"Projeto de Lei Complementar n\u00ba 1293 de 2023 | Mat\u00e9ria lida em plen\u00e1rio | 12/09/2023","link_detail_backend":"/materia/tramitacao/15298","metadata":{},"timestamp":"2023-09-12T17:32:25.199828-03:00","data_tramitacao":"2023-09-12","data_encaminhamento":"2023-09-12","urgente":false,"turno":"","texto":"Mat\u00e9ria lida em plen\u00e1rio na 53\u00aa Sess\u00e3o Ordin\u00e1ria do dia 12 de setembro de 2023. \u00c0 Ger\u00eancia das Comiss\u00f5es para provid\u00eancias regimentais.","data_fim_prazo":null,"ip":"177.221.58.202","ultima_edicao":"2023-09-12T17:31:50.886439-03:00","status":61,"materia":16885,"unidade_tramitacao_local":2,"unidade_tramitacao_destino":71,"user":67}