{"id":1646,"__str__":"Projeto de Lei Complementar n\u00ba 1097 de 2019 | Aguardando manifesta\u00e7\u00e3o do relator | 18/06/2020","link_detail_backend":"/materia/tramitacao/1646","metadata":{},"timestamp":"2020-06-18T10:04:51.623679-03:00","data_tramitacao":"2020-06-18","data_encaminhamento":null,"urgente":false,"turno":"","texto":"Retornado para o gabinete do vereador para retifica\u00e7\u00e3o de relat\u00f3rio do voto do Vereador Maur\u00edcio Carvalho.","data_fim_prazo":null,"ip":"177.221.58.204","ultima_edicao":null,"status":55,"materia":97,"unidade_tramitacao_local":45,"unidade_tramitacao_destino":45,"user":10}