{"id":17299,"__str__":"Veto n\u00ba 325 de 2023 | Veto com parecer da Comiss\u00e3o de Constitui\u00e7\u00e3o, Justi\u00e7a e Red | 05/03/2024","link_detail_backend":"/materia/tramitacao/17299","metadata":{},"timestamp":"2024-03-05T17:29:16.580495-03:00","data_tramitacao":"2024-03-05","data_encaminhamento":null,"urgente":false,"turno":"","texto":"Ao gabinete do Vereador Everaldo Foga\u00e7a para colher assinatura do parecer de n. 08/2024","data_fim_prazo":null,"ip":"177.221.58.202","ultima_edicao":"2024-03-05T17:27:44.043011-03:00","status":85,"materia":18946,"unidade_tramitacao_local":23,"unidade_tramitacao_destino":53,"user":9}