{"id":2970,"__str__":"Decreto n\u00ba 15.653, de 19 de dezembro de 2018","link_detail_backend":"/norma/2970","metadata":{},"texto_integral":"http://sapl.portovelho.ro.leg.br/media/sapl/public/normajuridica/2018/2970/decreto_no_15.653-2018_nomeia_membros_para_o_conselh_CPgM3S6.pdf","numero":"15.653","ano":2018,"esfera_federacao":"M","data":"2018-12-19","data_publicacao":"2018-12-24","veiculo_publicacao":"D.O.M. 2361","pagina_inicio_publicacao":null,"pagina_fim_publicacao":null,"ementa":"\u201cNomeia membros para a composi\u00e7\u00e3o do  Conselho  de  Recursos  Fiscais  do Munic\u00edpio de Porto Velho - CRF, para o bi\u00eanio 2019-2020.\u201d","indexacao":"Conselho de Recursos Fiscais do Munic\u00edpio de Porto Velho \u2013\r\nCRF\r\nI \u2013 PRESID\u00caNCIA:\r\na) Ari Carvalho dos Santos \u2013 Presidente Auditor do Tesouro Municipal \u2013 SEMFAZ;\r\nb) Lorena de Laia Ferreira Fons\u00eaca \u2013 Vice-Presidente Fiscal Municipal de Tributos \u2013SEMFAZ;\r\n\r\nII \u2013 REPRESENTANTES DA SECRETARIA MUNICIPAL DE FAZENDA NO CONSELHO DE RECURSOS FISCAIS:\r\na) Leila Martins Nogueira Hentges \u2013 Titular Auditora do Tesouro Municipal \u2013 SEMFAZ;\r\nb) Jailson Viana de Almeida \u2013 Suplente Auditor do Tesouro Municipal \u2013 SEMFAZ;\r\n\r\nIII \u2013 CONSELHEIROS REPRESENTANTES DA SECRETARIA MUNICIPAL DE FAZENDA \u2013 PLENO:\r\na) Titulares:\r\n1 \u2013 Hugo Sim\u00e3o Alves Casini \u2013 Titular Auditor do Tesouro Municipal \u2013 SEMFAZ;\r\n2 \u2013 Ant\u00f4nio Figueiredo de Lima Filho \u2013 Titular T\u00e9cnico Jur\u00eddico \u2013 PGM;\r\n3 \u2013 R\u00f4mulo Barbosa Maltez \u2013 Titular Auditor do Tesouro Municipal \u2013 SEMFAZ;\r\nb) Suplentes:\r\n1 \u2013 Jos\u00e9 St\u00eanio Ara\u00fajo Costa \u2013 1\u00ba Suplente Auditor do Tesouro Municipal \u2013 SEMFAZ;\r\n2 \u2013 Orlando Melo de Carvalho \u2013 2\u00ba Suplente Auditor do Tesouro Municipal \u2013 SEMFAZ;\r\n3 \u2013 Samuel Belarmino J\u00fanior \u2013 3\u00ba Suplente Auditor do Tesouro Municipal \u2013 SEMFAZ;\r\n\r\nIV \u2013 CONSELHEIROS REPRESENTANTES DAS ENTIDADES DE CLASSES EMPRESARIAIS \u2013 PLENO:\r\na) Titulares:\r\n1 \u2013 Davi Mar\u00e7al Couceiro Castiel \u2013 Titular Federa\u00e7\u00e3o do Com\u00e9rcio do Estado de Rond\u00f4nia \u2013 Fecom\u00e9rcio;\r\n2 \u2013 Deyvison Barbosa Moraes \u2013 Titular Associa\u00e7\u00e3o Comercial do Estado de Rond\u00f4nia \u2013 ACR;\r\n3 \u2013 Ant\u00f4nio Rocha Guedes \u2013 Titular Federa\u00e7\u00e3o das Ind\u00fastrias do Estado de Rond\u00f4nia \u2013 FIERO;\r\n b) Suplentes:\r\n1 \u2013 Grim\u00e1rio Carvalho Viana \u2013 Suplente Federa\u00e7\u00e3o do Com\u00e9rcio do Estado de Rond\u00f4nia \u2013 Fecom\u00e9rcio;\r\n2 \u2013Silvia Oriani de Gracia Lima \u2013 Suplente Associa\u00e7\u00e3o Comercial do Estado de Rond\u00f4nia \u2013 ACR; \r\n3 \u2013 Alan Gurgel do Amaral \u2013 Suplente Federa\u00e7\u00e3o das Ind\u00fastrias do Estado de Rond\u00f4nia \u2013 FIERO;\r\n\r\nV \u2013 JULGADORES MONOCR\u00c1TICOS DE PRIMEIRA INST\u00c2NCIA:\r\na) Titulares:\r\n1 \u2013 Sara Djenane Duarte Silveira \u2013 1\u00aa Julgadoria \u2013 Impostos;\r\n2 \u2013 Paulo Henrique Kemp \u2013 2\u00aa Julgadoria \u2013 Taxas e Contribui\u00e7\u00f5es;\r\nb) Suplentes:\r\n1 \u2013 Ad\u00e3o Geraldo Colombo \u2013 1\u00aa Julgadoria \u2013 Impostos;\r\n2 \u2013 Simone Cristina Zwuirtes \u2013 2\u00aa Julgadoria \u2013 Taxas e Contribui\u00e7\u00f5es;","observacao":"","complemento":false,"data_vigencia":null,"timestamp":"2024-09-24T09:48:50.510333-03:00","data_ultima_atualizacao":"2024-09-24T09:48:50.511994-03:00","ip":"200.252.185.133","ultima_edicao":"2024-09-24T09:48:50.337310-03:00","tipo":8,"materia":null,"orgao":null,"user":7,"assuntos":[902,2483,8,1842,764,1830,1710,36,1638,1649],"autores":[]}